{"id":50865,"date":"2019-03-25T20:22:19","date_gmt":"2019-03-25T20:22:19","guid":{"rendered":"https:\/\/c-solar.es\/photovoltaic-roofs-are-the-future-and-spain-is-a-privileged-country-in-that-regard-according-to-architect-dominique-perrault\/"},"modified":"2025-11-06T15:19:38","modified_gmt":"2025-11-06T15:19:38","slug":"les-cobertes-fotovoltaiques-son-el-futur-i-espanya-es-un-pais-privilegiat-en-aquest-sentit-segons-larquitecte-dominique-perrault","status":"publish","type":"post","link":"https:\/\/c-solar.es\/ca\/les-cobertes-fotovoltaiques-son-el-futur-i-espanya-es-un-pais-privilegiat-en-aquest-sentit-segons-larquitecte-dominique-perrault\/","title":{"rendered":"\u201cLes cobertes fotovoltaiques s\u00f3n el futur, i Espanya \u00e9s un pa\u00eds privilegiat en aquest sentit\u201d, segons l\u2019arquitecte Dominique Perrault"},"content":{"rendered":"\n<p>El <strong>II Congr\u00e9s ITE+3R<\/strong>, de la Inspecci\u00f3 T\u00e8cnica d\u2019Edificis a la Rehabilitaci\u00f3, Regeneraci\u00f3 i Renovaci\u00f3 Urbana, que se celebra al Palau de Congressos i Exposicions de Lle\u00f3 els dies 26 i 27 de mar\u00e7, comptar\u00e0 amb la participaci\u00f3 de l\u2019arquitecte franc\u00e8s Dominique Perrault, qui el dimecres 27 impartir\u00e0 la xerrada magistral \u2018Arquitectura feta amb la gent i per a la gent\u2019. Perrault \u00e9s el creador de l\u2019espai on se celebra. \u201cMai no hav\u00edem realitzat una coberta fotovoltaica de tal magnitud i amb una capacitat de producci\u00f3 semblant. \u00c9s el futur i a Espanya s\u00f3n un pa\u00eds privilegiat en aquest sentit. El cert \u00e9s que la coberta fotovoltaica era una de les idees fundacionals del projecte fa tretze anys i s\u2019ha hagut de defensar. No \u00e9s quelcom que s\u2019hagi afegit perqu\u00e8 tal o qual normativa ho exigeixin, al contrari, \u00e9s un element fonamental en la idea projectual del complex. Ara mateix estem desenvolupant un projecte per a la vila ol\u00edmpica i paral\u00edmpica de Par\u00eds 2024 que despr\u00e9s dels Jocs ser\u00e0 un nou barri amb una petjada de carboni zero. Molts d\u2019aquests principis de sostenibilitat i d\u2019estalvi energ\u00e8tic parteixen de la idea d\u2019ordenaci\u00f3 de tota la vila ol\u00edmpica\u201d, ha explicat Dominique Perrault.<\/p>\n\n\n\n<p>L\u2019esdeveniment de Lle\u00f3, que reunir\u00e0 m\u00e9s de 400 professionals de l\u2019arquitectura i enginyeria entre d\u2019altres i responsables de les administracions de tot Espanya, donar\u00e0 a con\u00e8ixer els aven\u00e7os tecnol\u00f2gics i socials que la rehabilitaci\u00f3 dels edificis aporta a les persones que els habiten, les transformacions socials que generen als barris regenerats a m\u00e9s del paper dinamitzador que t\u00e9 la ITE en la modernitzaci\u00f3 de les ciutats. \u201cLa regeneraci\u00f3 urbana \u00e9s una tend\u00e8ncia i una necessitat en la mesura que \u00e9s una estrat\u00e8gia que suposa economitzar els recursos disponibles. L\u2019interessant \u00e9s que hi ha moltes maneres d\u2019enfocar-la. Per exemple, en els darrers anys i a trav\u00e9s de la meva activitat professional i tamb\u00e9 acad\u00e8mica a l\u2019EPFL de Lausana a Su\u00efssa m\u2019he interessat pel paper de l\u2019arquitectura subterr\u00e0nia en aquesta regeneraci\u00f3 de la ciutat. En comptes de buscar un creixement en al\u00e7ada, o una expansi\u00f3 superficial de la ciutat que sembla no tenir l\u00edmit i devora el territori, per qu\u00e8 no mirar cap avall, al subs\u00f2l? Per qu\u00e8 no servir-se d\u2019un espai que ja est\u00e0 ocupat, per\u00f2 els usos del qual s\u2019han limitat nom\u00e9s a les infraestructures?\u201d, proposa l\u2019arquitecte franc\u00e8s.<\/p>\n\n\n\n<p>Organitzat per l\u2019Institut de la Construcci\u00f3 de Castella i Lle\u00f3 \u2013 ICCL i promogut per la Junta de Castella i Lle\u00f3, el congr\u00e9s tractar\u00e0 tamb\u00e9 sobre l\u2019efici\u00e8ncia energ\u00e8tica, la millora de l\u2019accessibilitat dels edificis i els nous jaciments d\u2019ocupaci\u00f3 qualificats en la rehabilitaci\u00f3. \u201cCrec que \u00e9s fonamental que els poders p\u00fablics promoguin aquest tipus d\u2019iniciatives, per\u00f2 el veritablement important ser\u00e0 que aquest discurs cali en la filosofia dels agents, promotors i desenvolupadors privats, de manera que la rehabilitaci\u00f3 no sigui una imposici\u00f3 normativa, sin\u00f3 una iniciativa projectual en si mateixa perqu\u00e8 genera valors. Valors de tot tipus, materials, ambientals, socials&#8230;\u201d ha opinat sobre el congr\u00e9s Dominique Perrault.<\/p>\n\n\n\n<p><em><strong><a href=\"https:\/\/www.interempresas.net\/Energia\/240802-cubiertas-fotovoltaicas-son-futuro-Espana-es-pais-privilegiado-ese-sentido-segun.html\" target=\"_blank\" rel=\"noreferrer noopener\">Font: www.interempresas.net<\/a><\/strong><\/em><\/p>\n","protected":false},"excerpt":{"rendered":"<p>El II Congr\u00e9s ITE+3R, de la Inspecci\u00f3 T\u00e8cnica d\u2019Edificis a la Rehabilitaci\u00f3, Regeneraci\u00f3 i Renovaci\u00f3 Urbana, que se celebra al Palau de Congressos i Exposicions de Lle\u00f3 els dies 26 i 27 de mar\u00e7, comptar\u00e0 amb la participaci\u00f3 de l\u2019arquitecte franc\u00e8s Dominique Perrault, qui el dimecres 27 impartir\u00e0 la xerrada magistral \u2018Arquitectura feta amb la &#8230; <a title=\"\u201cLes cobertes fotovoltaiques s\u00f3n el futur, i Espanya \u00e9s un pa\u00eds privilegiat en aquest sentit\u201d, segons l\u2019arquitecte Dominique Perrault\" class=\"read-more\" href=\"https:\/\/c-solar.es\/ca\/les-cobertes-fotovoltaiques-son-el-futur-i-espanya-es-un-pais-privilegiat-en-aquest-sentit-segons-larquitecte-dominique-perrault\/\" aria-label=\"M\u00e9s informaci\u00f3 sobre \u201cLes cobertes fotovoltaiques s\u00f3n el futur, i Espanya \u00e9s un pa\u00eds privilegiat en aquest sentit\u201d, segons l\u2019arquitecte Dominique Perrault\">Llegir m\u00e9s<\/a><\/p>\n","protected":false},"author":3,"featured_media":50866,"comment_status":"closed","ping_status":"closed","sticky":false,"template":"","format":"standard","meta":{"_acf_changed":false,"_joinchat":[],"footnotes":""},"categories":[1],"tags":[],"class_list":["post-50865","post","type-post","status-publish","format-standard","has-post-thumbnail","hentry","category-sin-categoria"],"acf":[],"_links":{"self":[{"href":"https:\/\/c-solar.es\/ca\/wp-json\/wp\/v2\/posts\/50865","targetHints":{"allow":["GET"]}}],"collection":[{"href":"https:\/\/c-solar.es\/ca\/wp-json\/wp\/v2\/posts"}],"about":[{"href":"https:\/\/c-solar.es\/ca\/wp-json\/wp\/v2\/types\/post"}],"author":[{"embeddable":true,"href":"https:\/\/c-solar.es\/ca\/wp-json\/wp\/v2\/users\/3"}],"replies":[{"embeddable":true,"href":"https:\/\/c-solar.es\/ca\/wp-json\/wp\/v2\/comments?post=50865"}],"version-history":[{"count":1,"href":"https:\/\/c-solar.es\/ca\/wp-json\/wp\/v2\/posts\/50865\/revisions"}],"predecessor-version":[{"id":50870,"href":"https:\/\/c-solar.es\/ca\/wp-json\/wp\/v2\/posts\/50865\/revisions\/50870"}],"wp:featuredmedia":[{"embeddable":true,"href":"https:\/\/c-solar.es\/ca\/wp-json\/wp\/v2\/media\/50866"}],"wp:attachment":[{"href":"https:\/\/c-solar.es\/ca\/wp-json\/wp\/v2\/media?parent=50865"}],"wp:term":[{"taxonomy":"category","embeddable":true,"href":"https:\/\/c-solar.es\/ca\/wp-json\/wp\/v2\/categories?post=50865"},{"taxonomy":"post_tag","embeddable":true,"href":"https:\/\/c-solar.es\/ca\/wp-json\/wp\/v2\/tags?post=50865"}],"curies":[{"name":"wp","href":"https:\/\/api.w.org\/{rel}","templated":true}]}}